{"id":47438,"date":"2018-04-27T15:09:15","date_gmt":"2018-04-27T15:09:15","guid":{"rendered":"http:\/\/fundasuvicol.org\/sitio\/?p=47438"},"modified":"2018-04-27T16:27:01","modified_gmt":"2018-04-27T16:27:01","slug":"no-dormir-bien-causa-peligros-para-el-corazon","status":"publish","type":"post","link":"https:\/\/fundasuvicol.org\/sitio\/no-dormir-bien-causa-peligros-para-el-corazon\/","title":{"rendered":"No dormir bien causa peligros para el coraz\u00f3n"},"content":{"rendered":"<p>[et_pb_section fb_built=\u00bb1&#8243; admin_label=\u00bbsection\u00bb _builder_version=\u00bb3.0.106&#8243;][et_pb_row admin_label=\u00bbrow\u00bb _builder_version=\u00bb3.0.47&#8243; background_size=\u00bbinitial\u00bb background_position=\u00bbtop_left\u00bb background_repeat=\u00bbrepeat\u00bb][et_pb_column type=\u00bb4_4&#8243; _builder_version=\u00bb3.0.47&#8243; parallax=\u00bboff\u00bb parallax_method=\u00bbon\u00bb][et_pb_text admin_label=\u00bbText\u00bb _builder_version=\u00bb3.0.47&#8243; background_size=\u00bbinitial\u00bb background_position=\u00bbtop_left\u00bb background_repeat=\u00bbrepeat\u00bb]<\/p>\n<div id=\"comp-w\">\n<div class=\"row-fluid\">\n<div id=\"comp\" class=\"span9\">\n<div id=\"comp-i\">\n<div class=\"item-page\">\n<p style=\"text-align: left;\">Los factores de riesgo son la grasa abdominal excesiva, triglic\u00e9ridos altos, colesterol HDL bajo, hipertensi\u00f3n e hiperglucemia. Los hallazgos del estudio resaltan la importancia de evaluar a los pacientes por problemas comunes del sue\u00f1o durante las consultas m\u00e9dicas de rutina.<\/p>\n<p style=\"text-align: left;\">Los investigadores estudiaron a 812 personas entre los 45 y 74 a\u00f1os de edad durante tres a\u00f1os y pudieron comprobar que roncar fuerte predec\u00eda significativamente el desarrollo de la hiperglucemia y del colesterol LDL bajo. En resumen el insomnio y los s\u00edntomas respiratorios al dormir -ronquidos- predicen el desarrollo del s\u00edndrome metab\u00f3lico, un factor de riesgo determinante en las enfermedades cardiovasculares.<\/p>\n<\/div>\n<div class=\"clr\"><\/div>\n<\/div>\n<\/div>\n<\/div>\n<div class=\"clr\"><\/div>\n<\/div>\n<div class=\"clr\"><\/div>\n<p>[\/et_pb_text][\/et_pb_column][\/et_pb_row][\/et_pb_section]<\/p>\n","protected":false},"excerpt":{"rendered":"<p>[et_pb_section fb_built=\u00bb1&#8243; admin_label=\u00bbsection\u00bb _builder_version=\u00bb3.0.106&#8243;][et_pb_row admin_label=\u00bbrow\u00bb _builder_version=\u00bb3.0.47&#8243; background_size=\u00bbinitial\u00bb background_position=\u00bbtop_left\u00bb background_repeat=\u00bbrepeat\u00bb][et_pb_column type=\u00bb4_4&#8243; _builder_version=\u00bb3.0.47&#8243; parallax=\u00bboff\u00bb parallax_method=\u00bbon\u00bb][et_pb_text admin_label=\u00bbText\u00bb _builder_version=\u00bb3.0.47&#8243; background_size=\u00bbinitial\u00bb background_position=\u00bbtop_left\u00bb background_repeat=\u00bbrepeat\u00bb] Los factores de riesgo son la grasa abdominal excesiva, triglic\u00e9ridos altos, colesterol HDL bajo, hipertensi\u00f3n e hiperglucemia. Los hallazgos del estudio resaltan la importancia de evaluar a los pacientes por problemas comunes del sue\u00f1o durante las consultas [&hellip;]<\/p>\n","protected":false},"author":1,"featured_media":47446,"comment_status":"open","ping_status":"open","sticky":false,"template":"","format":"standard","meta":{"footnotes":""},"categories":[1],"tags":[],"class_list":["post-47438","post","type-post","status-publish","format-standard","has-post-thumbnail","hentry","category-trastornos-del-sueno"],"_links":{"self":[{"href":"https:\/\/fundasuvicol.org\/sitio\/wp-json\/wp\/v2\/posts\/47438","targetHints":{"allow":["GET"]}}],"collection":[{"href":"https:\/\/fundasuvicol.org\/sitio\/wp-json\/wp\/v2\/posts"}],"about":[{"href":"https:\/\/fundasuvicol.org\/sitio\/wp-json\/wp\/v2\/types\/post"}],"author":[{"embeddable":true,"href":"https:\/\/fundasuvicol.org\/sitio\/wp-json\/wp\/v2\/users\/1"}],"replies":[{"embeddable":true,"href":"https:\/\/fundasuvicol.org\/sitio\/wp-json\/wp\/v2\/comments?post=47438"}],"version-history":[{"count":5,"href":"https:\/\/fundasuvicol.org\/sitio\/wp-json\/wp\/v2\/posts\/47438\/revisions"}],"predecessor-version":[{"id":47900,"href":"https:\/\/fundasuvicol.org\/sitio\/wp-json\/wp\/v2\/posts\/47438\/revisions\/47900"}],"wp:featuredmedia":[{"embeddable":true,"href":"https:\/\/fundasuvicol.org\/sitio\/wp-json\/wp\/v2\/media\/47446"}],"wp:attachment":[{"href":"https:\/\/fundasuvicol.org\/sitio\/wp-json\/wp\/v2\/media?parent=47438"}],"wp:term":[{"taxonomy":"category","embeddable":true,"href":"https:\/\/fundasuvicol.org\/sitio\/wp-json\/wp\/v2\/categories?post=47438"},{"taxonomy":"post_tag","embeddable":true,"href":"https:\/\/fundasuvicol.org\/sitio\/wp-json\/wp\/v2\/tags?post=47438"}],"curies":[{"name":"wp","href":"https:\/\/api.w.org\/{rel}","templated":true}]}}