{"id":47456,"date":"2018-04-27T16:43:05","date_gmt":"2018-04-27T16:43:05","guid":{"rendered":"http:\/\/fundasuvicol.org\/sitio\/?p=47456"},"modified":"2018-04-27T16:43:05","modified_gmt":"2018-04-27T16:43:05","slug":"sindrome-de-ingesta-nocturna-de-alimentos","status":"publish","type":"post","link":"https:\/\/fundasuvicol.org\/sitio\/sindrome-de-ingesta-nocturna-de-alimentos\/","title":{"rendered":"S\u00edndrome de ingesta nocturna de alimentos"},"content":{"rendered":"<p>Esta alteraci\u00f3n biol\u00f3gica se caracteriza por el consumo del 25% de la cantidad total de ingesta diaria despu\u00e9s de la cena. Es producida cuando la serotonina, tambi\u00e9n llamada \u00abhormona del estr\u00e9s\u00bb, se encuentra en niveles superiores a los normales. Es en ese momento cuando el eje hipot\u00e1lamo-hip\u00f3fisis-suprarrenal, que es manejado por la hormona que pone en marcha el estr\u00e9s, sufre una necesidad de alimentarse en forma excesiva como una respuesta atenuada a esta situaci\u00f3n.<\/p>\n<p>Lo anterior implica que los afectados por este s\u00edndrome deber\u00e1n interrumpir su sue\u00f1o en m\u00e1s de una ocasi\u00f3n para comer en algunos casos sin control. Esta situaci\u00f3n lleva, a su vez, al insomnio, anorexia matinal y depresi\u00f3n del estado de \u00e1nimo.<\/p>\n","protected":false},"excerpt":{"rendered":"<p>Esta alteraci\u00f3n biol\u00f3gica se caracteriza por el consumo del 25% de la cantidad total de ingesta diaria despu\u00e9s de la cena. Es producida cuando la serotonina, tambi\u00e9n llamada \u00abhormona del estr\u00e9s\u00bb, se encuentra en niveles superiores a los normales. Es en ese momento cuando el eje hipot\u00e1lamo-hip\u00f3fisis-suprarrenal, que es manejado por la hormona que pone [&hellip;]<\/p>\n","protected":false},"author":1,"featured_media":47457,"comment_status":"closed","ping_status":"open","sticky":false,"template":"","format":"standard","meta":{"footnotes":""},"categories":[1],"tags":[],"class_list":["post-47456","post","type-post","status-publish","format-standard","has-post-thumbnail","hentry","category-trastornos-del-sueno"],"_links":{"self":[{"href":"https:\/\/fundasuvicol.org\/sitio\/wp-json\/wp\/v2\/posts\/47456","targetHints":{"allow":["GET"]}}],"collection":[{"href":"https:\/\/fundasuvicol.org\/sitio\/wp-json\/wp\/v2\/posts"}],"about":[{"href":"https:\/\/fundasuvicol.org\/sitio\/wp-json\/wp\/v2\/types\/post"}],"author":[{"embeddable":true,"href":"https:\/\/fundasuvicol.org\/sitio\/wp-json\/wp\/v2\/users\/1"}],"replies":[{"embeddable":true,"href":"https:\/\/fundasuvicol.org\/sitio\/wp-json\/wp\/v2\/comments?post=47456"}],"version-history":[{"count":1,"href":"https:\/\/fundasuvicol.org\/sitio\/wp-json\/wp\/v2\/posts\/47456\/revisions"}],"predecessor-version":[{"id":47458,"href":"https:\/\/fundasuvicol.org\/sitio\/wp-json\/wp\/v2\/posts\/47456\/revisions\/47458"}],"wp:featuredmedia":[{"embeddable":true,"href":"https:\/\/fundasuvicol.org\/sitio\/wp-json\/wp\/v2\/media\/47457"}],"wp:attachment":[{"href":"https:\/\/fundasuvicol.org\/sitio\/wp-json\/wp\/v2\/media?parent=47456"}],"wp:term":[{"taxonomy":"category","embeddable":true,"href":"https:\/\/fundasuvicol.org\/sitio\/wp-json\/wp\/v2\/categories?post=47456"},{"taxonomy":"post_tag","embeddable":true,"href":"https:\/\/fundasuvicol.org\/sitio\/wp-json\/wp\/v2\/tags?post=47456"}],"curies":[{"name":"wp","href":"https:\/\/api.w.org\/{rel}","templated":true}]}}