{"id":47518,"date":"2018-05-01T15:53:02","date_gmt":"2018-05-01T15:53:02","guid":{"rendered":"http:\/\/fundasuvicol.org\/sitio\/?p=47518"},"modified":"2018-05-01T15:53:02","modified_gmt":"2018-05-01T15:53:02","slug":"como-duermen-los-latinoamericanos","status":"publish","type":"post","link":"https:\/\/fundasuvicol.org\/sitio\/como-duermen-los-latinoamericanos\/","title":{"rendered":"\u00bfC\u00f3mo duermen los Latinoamericanos?"},"content":{"rendered":"<p style=\"text-align: center;\">En este art\u00edculo le presentamos una encuesta de \u00bfC\u00f3mo duermen los Latinoamericanos?<\/p>\n<p style=\"text-align: center;\">Para m\u00e1s informaci\u00f3n click <a href=\"http:\/\/fundasuvicol.org\/sitio\/wp-content\/uploads\/2018\/05\/resultadosencuesta_infografia_COL.pdf\">aqu\u00ed<\/a><\/p>\n","protected":false},"excerpt":{"rendered":"<p>En este art\u00edculo le presentamos una encuesta de \u00bfC\u00f3mo duermen los Latinoamericanos? Para m\u00e1s informaci\u00f3n click aqu\u00ed<\/p>\n","protected":false},"author":1,"featured_media":47519,"comment_status":"closed","ping_status":"open","sticky":false,"template":"","format":"standard","meta":{"footnotes":""},"categories":[1],"tags":[],"class_list":["post-47518","post","type-post","status-publish","format-standard","has-post-thumbnail","hentry","category-trastornos-del-sueno"],"_links":{"self":[{"href":"https:\/\/fundasuvicol.org\/sitio\/wp-json\/wp\/v2\/posts\/47518","targetHints":{"allow":["GET"]}}],"collection":[{"href":"https:\/\/fundasuvicol.org\/sitio\/wp-json\/wp\/v2\/posts"}],"about":[{"href":"https:\/\/fundasuvicol.org\/sitio\/wp-json\/wp\/v2\/types\/post"}],"author":[{"embeddable":true,"href":"https:\/\/fundasuvicol.org\/sitio\/wp-json\/wp\/v2\/users\/1"}],"replies":[{"embeddable":true,"href":"https:\/\/fundasuvicol.org\/sitio\/wp-json\/wp\/v2\/comments?post=47518"}],"version-history":[{"count":1,"href":"https:\/\/fundasuvicol.org\/sitio\/wp-json\/wp\/v2\/posts\/47518\/revisions"}],"predecessor-version":[{"id":47520,"href":"https:\/\/fundasuvicol.org\/sitio\/wp-json\/wp\/v2\/posts\/47518\/revisions\/47520"}],"wp:featuredmedia":[{"embeddable":true,"href":"https:\/\/fundasuvicol.org\/sitio\/wp-json\/wp\/v2\/media\/47519"}],"wp:attachment":[{"href":"https:\/\/fundasuvicol.org\/sitio\/wp-json\/wp\/v2\/media?parent=47518"}],"wp:term":[{"taxonomy":"category","embeddable":true,"href":"https:\/\/fundasuvicol.org\/sitio\/wp-json\/wp\/v2\/categories?post=47518"},{"taxonomy":"post_tag","embeddable":true,"href":"https:\/\/fundasuvicol.org\/sitio\/wp-json\/wp\/v2\/tags?post=47518"}],"curies":[{"name":"wp","href":"https:\/\/api.w.org\/{rel}","templated":true}]}}